{"dados":[{"titulo":"AUTORIZA\u00c7\u00c3O DE CONTRATA\u00c7\u00c3O POR INEXIGIBILIDADE PARA\u00a0CONTRATA\u00c7\u00c3O DE ESPA\u00c7O PARA PARTICIPA\u00c7\u00c3O DO EVENTO FEIRA AVISTAR 2026 DO DIA 15 A 17 DE MAIO, EM S\u00c3O PAULO","dataAtualizacao":"2026-04-28 10:10:17","dataPostagem":"2026-04-28 10:00:00","dataRealizacao":"2026-04-28 10:00:00","numeroEdital":0,"numeroProcesso":1463,"modalidade":"Inexigibilidade","situacao":"Ratificada","descricao":"<table align=\"center\" border=\"0\" bordercolor=\"#E0DFE3\" cellpadding=\"0\" cellspacing=\"0\" width=\"100%\">\r\n\t<tbody>\r\n\t\t<tr bgcolor=\"#FFFFCC\"  >\r\n\t\t\t<td align=\"left\" height=\"50\"><strong>AUTORIZA&Ccedil;&Atilde;O DE CONTRATA&Ccedil;&Atilde;O POR INEXIGIBILIDADE PARA&nbsp;CONTRATA&Ccedil;&Atilde;O DE ESPA&Ccedil;O PARA PARTICIPA&Ccedil;&Atilde;O DO EVENTO FEIRA AVISTAR 2026 DO DIA 15 A 17 DE MAIO, EM S&Atilde;O PAULO<\/strong><\/td>\r\n\t\t<\/tr>\r\n\t<\/tbody>\r\n<\/table>\r\n"},{"titulo":"AUTORIZA\u00c7\u00c3O DE CONTRATA\u00c7\u00c3O POR DISPENSA DE LICITA\u00c7\u00c3O PARA AQUISI\u00c7\u00c3O DE BANDEIRINHAS E FITAS DECORATIVAS COM MONTAGEM E DESMONTAGEM PARA AS FESTIVIDADES DO MUNICIPIO","dataAtualizacao":"2026-04-27 14:57:18","dataPostagem":"2026-04-27 10:00:00","dataRealizacao":"2026-04-27 10:00:00","numeroEdital":0,"numeroProcesso":1013,"modalidade":"Dispensa","situacao":"Ratificada","descricao":"<strong>AUTORIZA&Ccedil;&Atilde;O DE CONTRATA&Ccedil;&Atilde;O POR DISPENSA DE LICITA&Ccedil;&Atilde;O PARA AQUISI&Ccedil;&Atilde;O DE BANDEIRINHAS E FITAS DECORATIVAS COM MONTAGEM E DESMONTAGEM PARA AS FESTIVIDADES DO MUNICIPIO<\/strong>"},{"titulo":"AUTORIZA\u00c7\u00c3O DE CONTRATA\u00c7\u00c3O POR DISPENSA DE LICITA\u00c7\u00c3O PARA PRESTA\u00c7\u00c3O DE SERVI\u00c7O DE MANUTEN\u00c7\u00c3O PREVENTIVA E CORRETIVA INCLUINDO FORNECIMENTO DE PE\u00c7AS PARA MICRO-\u00d4NIBUS, MODELO MARCOPOLO VOLARE WL 0N, PLACA FCJ-6601","dataAtualizacao":"2026-04-27 10:19:43","dataPostagem":"2026-04-27 10:00:00","dataRealizacao":"2026-04-27 10:00:00","numeroEdital":0,"numeroProcesso":736,"modalidade":"Dispensa","situacao":"Ratificada","descricao":"<table align=\"center\" border=\"0\" bordercolor=\"#E0DFE3\" cellpadding=\"0\" cellspacing=\"0\" width=\"100%\">\r\n\t<tbody>\r\n\t\t<tr bgcolor=\"#FFFFCC\"  >\r\n\t\t\t<td align=\"left\" height=\"50\"><strong>AUTORIZA&Ccedil;&Atilde;O DE CONTRATA&Ccedil;&Atilde;O POR DISPENSA DE LICITA&Ccedil;&Atilde;O PARA PRESTA&Ccedil;&Atilde;O DE SERVI&Ccedil;O DE MANUTEN&Ccedil;&Atilde;O PREVENTIVA E CORRETIVA INCLUINDO FORNECIMENTO DE PE&Ccedil;AS PARA MICRO-&Ocirc;NIBUS, MODELO MARCOPOLO VOLARE WL 0N, PLACA FCJ-6601<\/strong><\/td>\r\n\t\t<\/tr>\r\n\t<\/tbody>\r\n<\/table>\r\n"},{"titulo":"AUTORIZA\u00c7\u00c3O DE CONTRATA\u00c7\u00c3O DIRETA PARA AQUISI\u00c7\u00c3O DE LYCRA TENSIONADA","dataAtualizacao":"2026-04-22 12:19:51","dataPostagem":"2026-04-22 10:00:00","dataRealizacao":"2026-04-22 10:00:00","numeroEdital":0,"numeroProcesso":59,"modalidade":"Dispensa","situacao":"Ratificada","descricao":"AUTORIZA&Ccedil;&Atilde;O DE CONTRATA&Ccedil;&Atilde;O DIRETA PARA AQUISI&Ccedil;&Atilde;O DE LYCRA TENSIONADA"},{"titulo":"AUTORIZA\u00c7\u00c3O DE CONTRATA\u00c7\u00c3O POR INEXIGIBILIDADE PARA\u00a0CONTRATA\u00c7\u00c3O DE STAND PARA PARTICIPA\u00c7\u00c3O NA FEIRA CASAR 2026","dataAtualizacao":"2026-04-14 08:25:49","dataPostagem":"2026-04-14 10:00:00","dataRealizacao":"2026-04-14 10:00:00","numeroEdital":0,"numeroProcesso":911,"modalidade":"Inexigibilidade","situacao":"Ratificada","descricao":"<table align=\"center\" border=\"0\" bordercolor=\"#E0DFE3\" cellpadding=\"0\" cellspacing=\"0\" width=\"100%\">\r\n\t<tbody>\r\n\t\t<tr bgcolor=\"#FFFFCC\"  >\r\n\t\t\t<td align=\"left\" height=\"50\"><strong>AUTORIZA&Ccedil;&Atilde;O DE CONTRATA&Ccedil;&Atilde;O POR INEXIGIBILIDADE PARA&nbsp;CONTRATA&Ccedil;&Atilde;O DE STAND PARA PARTICIPA&Ccedil;&Atilde;O NA FEIRA CASAR 2026<\/strong><\/td>\r\n\t\t<\/tr>\r\n\t<\/tbody>\r\n<\/table>\r\n"},{"titulo":"AUTORIZA\u00c7\u00c3O DE CONTRATA\u00c7\u00c3O POR DISPENSA DE LICITA\u00c7\u00c3O PARA CONTRATAR FABRICIO CONSTANTINI PARA REALIZA\u00c7\u00c3O DO CAMPEONATO MUNICIPAL DE FUTEBOL DE BASE, COMPREENDENDO A PROMO\u00c7\u00c3O, ORGANIZA\u00c7\u00c3O, INFRAESTRUTURA E PREMIA\u00c7\u00c3O.","dataAtualizacao":"2026-04-10 16:23:02","dataPostagem":"2026-04-10 10:00:00","dataRealizacao":"2026-04-10 10:00:00","numeroEdital":0,"numeroProcesso":1092,"modalidade":"Dispensa","situacao":"Ratificada","descricao":"<table align=\"center\" border=\"0\" bordercolor=\"#E0DFE3\" cellpadding=\"0\" cellspacing=\"0\" width=\"100%\">\r\n\t<tbody>\r\n\t\t<tr bgcolor=\"#FFFFCC\"  >\r\n\t\t\t<td align=\"left\" height=\"50\"><strong>AUTORIZA&Ccedil;&Atilde;O DE CONTRATA&Ccedil;&Atilde;O POR DISPENSA DE LICITA&Ccedil;&Atilde;O PARA CONTRATAR FABRICIO CONSTANTINI PARA REALIZA&Ccedil;&Atilde;O DO CAMPEONATO MUNICIPAL DE FUTEBOL DE BASE, COMPREENDENDO A PROMO&Ccedil;&Atilde;O, ORGANIZA&Ccedil;&Atilde;O, INFRAESTRUTURA E PREMIA&Ccedil;&Atilde;O.<\/strong><\/td>\r\n\t\t<\/tr>\r\n\t<\/tbody>\r\n<\/table>\r\n"},{"titulo":"AUTORIZA\u00c7\u00c3O DE CONTRATA\u00c7\u00c3O POR DISPENSA DE LICITA\u00c7\u00c3O PARA AQUISI\u00c7\u00c3O DE MATERIAIS DE CONSUMO PARA OS CURSOS DE CORTE E COSTURA DO FUNDO SOCIAL DE SOLIDARIEDADE","dataAtualizacao":"2026-04-10 12:16:45","dataPostagem":"2026-04-10 09:00:00","dataRealizacao":"2026-04-10 09:00:00","numeroEdital":0,"numeroProcesso":595,"modalidade":"Dispensa","situacao":"Ratificada","descricao":"<strong>AUTORIZA&Ccedil;&Atilde;O DE CONTRATA&Ccedil;&Atilde;O POR DISPENSA DE LICITA&Ccedil;&Atilde;O PARA AQUISI&Ccedil;&Atilde;O DE MATERIAIS DE CONSUMO PARA OS CURSOS DE CORTE E COSTURA DO FUNDO SOCIAL DE SOLIDARIEDADE<\/strong>"},{"titulo":"AUTORIZA\u00c7\u00c3O DE CONTRATA\u00c7\u00c3O POR DISPENSA DE LICITA\u00c7\u00c3O PARA AQUISI\u00c7\u00c3O DE CLORO GRANULADO BALDE 10KG PARA MANUTEN\u00c7\u00c3O DAS PISCINAS DAS ACADEMIAS DA SA\u00daDE","dataAtualizacao":"2026-04-09 09:58:31","dataPostagem":"2026-04-09 10:00:00","dataRealizacao":"2026-04-09 10:00:00","numeroEdital":0,"numeroProcesso":958,"modalidade":"Dispensa","situacao":"Ratificada","descricao":"AUTORIZA&Ccedil;&Atilde;O DE CONTRATA&Ccedil;&Atilde;O POR DISPENSA DE LICITA&Ccedil;&Atilde;O PARA AQUISI&Ccedil;&Atilde;O DE CLORO GRANULADO BALDE 10KG PARA MANUTEN&Ccedil;&Atilde;O DAS PISCINAS DAS ACADEMIAS DA SA&Uacute;DE"},{"titulo":"AUTORIZA\u00c7\u00c3O DE CONTRATA\u00c7\u00c3O PARA AQUISI\u00c7\u00c3O DE TINTAS","dataAtualizacao":"2026-04-09 08:38:45","dataPostagem":"2026-04-08 10:00:00","dataRealizacao":"2026-04-08 10:00:00","numeroEdital":0,"numeroProcesso":269,"modalidade":"Dispensa","situacao":"Ratificada","descricao":"AUTORIZA&Ccedil;&Atilde;O DE CONTRATA&Ccedil;&Atilde;O PARA AQUISI&Ccedil;&Atilde;O DE TINTAS"},{"titulo":"AUTORIZA\u00c7\u00c3O DE CONTRATA\u00c7\u00c3O PARA AQUISI\u00c7\u00c3O DE TUBOS DE PVC, QUE SER\u00c3O UTILIZADOS COMO COMPARTIMENTOS PARA ACONDICIONAMENTO DE OSSOS PROVENIENTES DE EXUMA\u00c7\u00d5ES REALIZADAS NO CEMIT\u00c9RIO MUNICIPAL","dataAtualizacao":"2026-04-01 14:21:55","dataPostagem":"2026-04-01 10:00:00","dataRealizacao":"2026-04-01 10:00:00","numeroEdital":0,"numeroProcesso":815,"modalidade":"Dispensa","situacao":"Ratificada","descricao":"AUTORIZA&Ccedil;&Atilde;O DE CONTRATA&Ccedil;&Atilde;O PARA AQUISI&Ccedil;&Atilde;O DE TUBOS DE PVC, QUE SER&Atilde;O UTILIZADOS COMO COMPARTIMENTOS PARA ACONDICIONAMENTO DE OSSOS PROVENIENTES DE EXUMA&Ccedil;&Otilde;ES REALIZADAS NO CEMIT&Eacute;RIO MUNICIPAL"},{"titulo":"AUTORIZA\u00c7\u00c3O DE CONTRATA\u00c7\u00c3O PARA CONTRATAR SERVI\u00c7O DE ASSESSORIA DA ELABORA\u00c7\u00c3O DE DAN\u00c7AS COREOGR\u00c1FICAS","dataAtualizacao":"2026-04-01 14:16:14","dataPostagem":"2026-04-01 10:00:00","dataRealizacao":"2026-04-01 10:00:00","numeroEdital":0,"numeroProcesso":239,"modalidade":"Dispensa","situacao":"Ratificada","descricao":"AUTORIZA&Ccedil;&Atilde;O DE CONTRATA&Ccedil;&Atilde;O PARA CONTRATAR SERVI&Ccedil;O DE ASSESSORIA DA ELABORA&Ccedil;&Atilde;O DE DAN&Ccedil;AS COREOGR&Aacute;FICAS"},{"titulo":"AUTORIZA\u00c7\u00c3O DE CONTRATA\u00c7\u00c3O POR INEXIGIBILIDADE PARA\u00a0CONTRATA\u00c7\u00c3O DE INSTITUI\u00c7\u00c3O PARA PRESTA\u00c7\u00c3O DE SERVI\u00c7OS ESPECIALIZADOS EM ASSESSORIA T\u00c9CNICO-PEDAG\u00d3GICA E FORMA\u00c7\u00c3O PARA IMPLEMENTA\u00c7\u00c3O E QUALIFICA\u00c7\u00c3O DA POL\u00cdTICA DE EDUCA\u00c7\u00c3O INTEGRAL EM TEMPO INTEGRAL NO MUNIC\u00cdPIO DE ILHABELA (SP).","dataAtualizacao":"2026-03-11 09:06:09","dataPostagem":"2026-03-09 10:00:00","dataRealizacao":"2026-02-09 10:00:00","numeroEdital":0,"numeroProcesso":7196,"modalidade":"Inexigibilidade","situacao":"Ratificada","descricao":"AUTORIZA&Ccedil;&Atilde;O DE CONTRATA&Ccedil;&Atilde;O POR INEXIGIBILIDADE PARA&nbsp;CONTRATA&Ccedil;&Atilde;O DE INSTITUI&Ccedil;&Atilde;O PARA PRESTA&Ccedil;&Atilde;O DE SERVI&Ccedil;OS ESPECIALIZADOS EM ASSESSORIA T&Eacute;CNICO-PEDAG&Oacute;GICA E<br \/>\r\nFORMA&Ccedil;&Atilde;O PARA IMPLEMENTA&Ccedil;&Atilde;O E QUALIFICA&Ccedil;&Atilde;O DA POL&Iacute;TICA DE EDUCA&Ccedil;&Atilde;O INTEGRAL EM TEMPO INTEGRAL NO<br \/>\r\nMUNIC&Iacute;PIO DE ILHABELA (SP)."},{"titulo":"AUTORIZA\u00c7\u00c3O PARA CONTRATA\u00c7\u00c3O DIRETA\u00a0 PARA CONTRATAR POLI SOLU\u00c7\u00d5ES DIGITAIS LTDA PARA AQUISI\u00c7\u00c3O DE SOFTWARE ATENDIMENTO AUTOM\u00c1TICO: LICEN\u00c7A, MANUTEN\u00c7\u00c3O, USU\u00c1RIOS ILIMITADOS, 3500 CR\u00c9DITOS.","dataAtualizacao":"2026-03-02 16:45:24","dataPostagem":"2026-03-02 10:00:00","dataRealizacao":"2026-03-02 10:00:00","numeroEdital":0,"numeroProcesso":6421,"modalidade":"Dispensa","situacao":"Ratificada","descricao":"<table align=\"center\" border=\"0\" bordercolor=\"#E0DFE3\" cellpadding=\"0\" cellspacing=\"0\" width=\"100%\">\r\n\t<tbody>\r\n\t\t<tr bgcolor=\"#FFFFCC\"  >\r\n\t\t\t<td align=\"left\" height=\"50\"><strong>AUTORIZA&Ccedil;&Atilde;O PARA CONTRATA&Ccedil;&Atilde;O DIRETA&nbsp; PARA CONTRATAR POLI SOLU&Ccedil;&Otilde;ES DIGITAIS LTDA PARA AQUISI&Ccedil;&Atilde;O DE SOFTWARE ATENDIMENTO AUTOM&Aacute;TICO: LICEN&Ccedil;A, MANUTEN&Ccedil;&Atilde;O, USU&Aacute;RIOS ILIMITADOS, 3500 CR&Eacute;DITOS.<\/strong><\/td>\r\n\t\t<\/tr>\r\n\t<\/tbody>\r\n<\/table>\r\n"},{"titulo":"AUTORIZA\u00c7\u00c3O PARA CONTRATA\u00c7\u00c3O DIRETA\u00a0 PARA CONTRATAR PLACARSOFT LTDA, CONTRATA\u00c7\u00c3O DE LICENCIAMENTO MENSAL DE PLATAFORMA DE GERENCIAMENTO ESPORTIVO","dataAtualizacao":"2026-03-25 12:34:10","dataPostagem":"2026-02-27 10:00:00","dataRealizacao":"2026-02-27 10:00:00","numeroEdital":0,"numeroProcesso":2337,"modalidade":"Dispensa","situacao":"Ratificada","descricao":"<table align=\"center\" border=\"0\" bordercolor=\"#E0DFE3\" cellpadding=\"0\" cellspacing=\"0\" width=\"100%\">\r\n\t<tbody>\r\n\t\t<tr bgcolor=\"#FFFFCC\"  >\r\n\t\t\t<td align=\"left\" height=\"50\"><strong>AUTORIZA&Ccedil;&Atilde;O PARA CONTRATA&Ccedil;&Atilde;O DIRETA&nbsp; PARA CONTRATAR PLACARSOFT LTDA, CONTRATA&Ccedil;&Atilde;O DE LICENCIAMENTO MENSAL DE PLATAFORMA DE GERENCIAMENTO ESPORTIVO<\/strong><\/td>\r\n\t\t<\/tr>\r\n\t<\/tbody>\r\n<\/table>\r\n\r\n<table align=\"center\" border=\"0\" bordercolor=\"#E0DFE3\" cellpadding=\"0\" cellspacing=\"0\" width=\"100%\">\r\n\t<tbody>\r\n\t\t<tr bgcolor=\"#FFFFCC\"  >\r\n\t\t\t<td align=\"left\" height=\"50\">&nbsp;<\/td>\r\n\t\t<\/tr>\r\n\t<\/tbody>\r\n<\/table>\r\n"},{"titulo":"AUTORIZA\u00c7\u00c3O PARA CONTRATA\u00c7\u00c3O DIRETA \u00a0DE EMPRESA ESPECIALIZADA PARA PRESTA\u00c7\u00c3O DE SERVI\u00c7O DE TREINAMENTO, VOLTADO \u00c0 CAPACITA\u00c7\u00c3O DE AGENTE P\u00daBLICO","dataAtualizacao":"2026-02-26 14:41:22","dataPostagem":"2026-02-26 10:00:00","dataRealizacao":"2026-02-26 10:00:00","numeroEdital":0,"numeroProcesso":41,"modalidade":"Dispensa","situacao":"Ratificada","descricao":"AUTORIZA&Ccedil;&Atilde;O PARA CONTRATA&Ccedil;&Atilde;O DIRETA <strong>&nbsp;DE EMPRESA ESPECIALIZADA PARA PRESTA&Ccedil;&Atilde;O DE SERVI&Ccedil;O DE TREINAMENTO, VOLTADO &Agrave; CAPACITA&Ccedil;&Atilde;O DE AGENTE P&Uacute;BLICO<\/strong>"},{"titulo":"AUTORIZA\u00c7\u00c3O PARA CONTRATA\u00c7\u00c3O DIRETA PARA CONTRATAR\u00a0LA STOR COMERCIO E SERVI\u00c7OS LTDA PARA AQUISI\u00c7\u00c3O DE VENTILADORES DE COLUNA PARA DEMANDA DOS ESPA\u00c7OS CULTURAIS","dataAtualizacao":"2026-02-24 10:53:53","dataPostagem":"2026-02-24 10:00:00","dataRealizacao":"2026-02-24 10:00:00","numeroEdital":0,"numeroProcesso":6990,"modalidade":"Dispensa","situacao":"Ratificada","descricao":"<strong>AUTORIZA&Ccedil;&Atilde;O PARA CONTRATA&Ccedil;&Atilde;O DIRETA PARA CONTRATAR&nbsp;LA STOR COMERCIO E SERVI&Ccedil;OS LTDA PARA AQUISI&Ccedil;&Atilde;O DE VENTILADORES DE COLUNA PARA DEMANDA DOS ESPA&Ccedil;OS CULTURAIS<\/strong>"},{"titulo":"AUTORIZA\u00c7\u00c3O DE CONTRATA\u00c7\u00c3O POR INEXIGIBILIDADE DE LICITA\u00c7\u00c3O PARA CONTRATA\u00c7\u00c3O\u00a0\u00a0DA EMPRESA \u00a0REED EXHIBITIONS ALCANTARA MACHADO LTDA\u00a0PARA PARTICIPA\u00c7\u00c3O NA WTM LATIN AM\u00c9RICA 2026","dataAtualizacao":"2026-03-25 11:45:56","dataPostagem":"2026-02-24 10:00:00","dataRealizacao":"2026-02-24 10:00:00","numeroEdital":0,"numeroProcesso":131,"modalidade":"Inexigibilidade","situacao":"Ratificada","descricao":"AUTORIZA&Ccedil;&Atilde;O DE CONTRATA&Ccedil;&Atilde;O POR INEXIGIBILIDADE DE LICITA&Ccedil;&Atilde;O PARA CONTRATA&Ccedil;&Atilde;O&nbsp;&nbsp;DA EMPRESA &nbsp;REED EXHIBITIONS ALCANTARA MACHADO LTDA&nbsp;PARA PARTICIPA&Ccedil;&Atilde;O NA WTM LATIN AM&Eacute;RICA 2026"},{"titulo":"AUTORIZA\u00c7\u00c3O PARA CONTRATA\u00c7\u00c3O DIRETA PARA CONTRATAR O SERVI\u00c7O DE BRIGADISTAS","dataAtualizacao":"2026-02-06 10:23:22","dataPostagem":"2026-02-06 10:00:00","dataRealizacao":"2026-02-06 10:00:00","numeroEdital":0,"numeroProcesso":260,"modalidade":"Dispensa","situacao":"Ratificada","descricao":"<strong>AUTORIZA&Ccedil;&Atilde;O PARA CONTRATA&Ccedil;&Atilde;O DIRETA PARA CONTRATAR O SERVI&Ccedil;O DE BRIGADISTAS<\/strong>"},{"titulo":"AUTORIZA\u00c7\u00c3O PARA CONTRATA\u00c7\u00c3O DIRETA PARA A AQUISI\u00c7\u00c3O DE TENDA 10MX10M\u00a0","dataAtualizacao":"2026-02-04 09:54:58","dataPostagem":"2026-02-04 10:00:00","dataRealizacao":"2026-02-04 10:00:00","numeroEdital":0,"numeroProcesso":249,"modalidade":"Dispensa","situacao":"Ratificada","descricao":"<strong>AUTORIZA&Ccedil;&Atilde;O PARA CONTRATA&Ccedil;&Atilde;O DIRETA PARA A AQUISI&Ccedil;&Atilde;O DE TENDA 10MX10M&nbsp;<\/strong>"},{"titulo":"AUTORIZA\u00c7\u00c3O PARA CONTRATA\u00c7\u00c3O DIRETA PARA CONTRATAR O SERVI\u00c7O DE MANUTEN\u00c7\u00c3O PREVENTIVA DOS MOTORES DE POPA DE 200 HP\u00a0 (02 Unidades) e 90 HP (01 Unidade)","dataAtualizacao":"2026-02-20 10:53:47","dataPostagem":"2026-02-03 10:00:00","dataRealizacao":"2026-02-03 10:00:00","numeroEdital":0,"numeroProcesso":6858,"modalidade":"Dispensa","situacao":"Ratificada","descricao":"<strong>AUTORIZA&Ccedil;&Atilde;O PARA CONTRATA&Ccedil;&Atilde;O DIRETA PARA CONTRATAR O SERVI&Ccedil;O DE MANUTEN&Ccedil;&Atilde;O PREVENTIVA DOS MOTORES DE POPA DE 200 HP&nbsp; (02 Unidades) e 90 HP (01 Unidade)<\/strong>"},{"titulo":"AUTORIZA\u00c7\u00c3O DE CONTRATA\u00c7\u00c3O POR INEXIGIBILIDADE DE LICITA\u00c7\u00c3O PARA APRESENTA\u00c7\u00c3O MUSICAL DO CANTOR RENATO TEIXEIRA","dataAtualizacao":"2026-02-20 10:13:50","dataPostagem":"2026-01-28 10:00:00","dataRealizacao":"2026-01-28 10:00:00","numeroEdital":0,"numeroProcesso":212,"modalidade":"Inexigibilidade","situacao":"Ratificada","descricao":"<strong>AUTORIZA&Ccedil;&Atilde;O DE CONTRATA&Ccedil;&Atilde;O POR INEXIGIBILIDADE DE LICITA&Ccedil;&Atilde;O PARA APRESENTA&Ccedil;&Atilde;O MUSICAL DO CANTOR RENATO TEIXEIRA<\/strong>"},{"titulo":"AUTORIZA\u00c7\u00c3O DE CONTRATA\u00c7\u00c3O POR INEXIGIBILIDADE DE LICITA\u00c7\u00c3O PARA CONTRATA\u00c7\u00c3O DA EMPRESA JOCELI PEREIRA CUGIK-ME PARA PAGAMENTO DE FRANQUIA AUTOMOTIVA DA FROTA MUNICIPAL","dataAtualizacao":"2026-01-28 14:15:25","dataPostagem":"2026-01-28 10:00:00","dataRealizacao":"2026-01-28 10:00:00","numeroEdital":0,"numeroProcesso":6469,"modalidade":"Inexigibilidade","situacao":"Ratificada","descricao":"<strong>AUTORIZA&Ccedil;&Atilde;O DE CONTRATA&Ccedil;&Atilde;O POR INEXIGIBILIDADE DE LICITA&Ccedil;&Atilde;O PARA CONTRATA&Ccedil;&Atilde;O DA EMPRESA JOCELI PEREIRA CUGIK-ME PARA PAGAMENTO DE FRANQUIA AUTOMOTIVA DA FROTA MUNICIPAL<\/strong>"},{"titulo":"AUTORIZA\u00c7\u00c3O DE CONTRATA\u00c7\u00c3O POR INEXIGIBILIDADE DE LICITA\u00c7\u00c3O PARA APRESENTA\u00c7\u00c3O MUSICAL DA BANDA PALACE","dataAtualizacao":"2026-02-20 10:10:55","dataPostagem":"2026-01-28 10:00:00","dataRealizacao":"2026-01-28 10:00:00","numeroEdital":0,"numeroProcesso":235,"modalidade":"Inexigibilidade","situacao":"Ratificada","descricao":"<strong>AUTORIZA&Ccedil;&Atilde;O DE CONTRATA&Ccedil;&Atilde;O POR INEXIGIBILIDADE DE LICITA&Ccedil;&Atilde;O PARA APRESENTA&Ccedil;&Atilde;O MUSICAL DA BANDA PALACE<\/strong>"},{"titulo":"AUTORIZA\u00c7\u00c3O DE CONTRATA\u00c7\u00c3O DIRETA PARA CONTRATA\u00c7\u00c3O DE SERVI\u00c7O DE JURADOS PARA JULGAMENTO T\u00c9CNICO DE DESFILES OFICIAIS DE ESCOLAS DE SAMBA PARA O CARNAVAL\u00a0","dataAtualizacao":"2026-02-20 10:43:14","dataPostagem":"2026-01-27 10:00:00","dataRealizacao":"2026-01-27 10:00:00","numeroEdital":0,"numeroProcesso":6957,"modalidade":"Dispensa","situacao":"Ratificada","descricao":"<table align=\"center\" border=\"0\" bordercolor=\"#E0DFE3\" cellpadding=\"0\" cellspacing=\"0\" width=\"100%\">\r\n\t<tbody>\r\n\t\t<tr bgcolor=\"#FFFFCC\"  >\r\n\t\t\t<td align=\"left\" height=\"50\"><strong>AUTORIZA&Ccedil;&Atilde;O DE CONTRATA&Ccedil;&Atilde;O DIRETA PARA CONTRATA&Ccedil;&Atilde;O DE SERVI&Ccedil;O DE JURADOS PARA JULGAMENTO T&Eacute;CNICO DE DESFILES OFICIAIS DE ESCOLAS DE SAMBA PARA O CARNAVAL&nbsp;<\/strong><\/td>\r\n\t\t<\/tr>\r\n\t<\/tbody>\r\n<\/table>\r\n"},{"titulo":"AUTORIZA\u00c7\u00c3O DE CONTRATA\u00c7\u00c3O POR INEXIGIBILIDADE DE LICITA\u00c7\u00c3O PARA APRESENTA\u00c7\u00c3O DA DUPLA LUIZ MGUEL E DANIEL NA FESTA DA PADROEIRA DO MUNICIPIO NO DIA 25\/01","dataAtualizacao":"2026-02-20 10:04:02","dataPostagem":"2026-01-26 10:00:00","dataRealizacao":"2026-01-26 10:00:00","numeroEdital":0,"numeroProcesso":181,"modalidade":"Inexigibilidade","situacao":"Ratificada","descricao":"<strong>AUTORIZA&Ccedil;&Atilde;O DE CONTRATA&Ccedil;&Atilde;O POR INEXIGIBILIDADE DE LICITA&Ccedil;&Atilde;O PARA APRESENTA&Ccedil;&Atilde;O DA DUPLA LUIZ MGUEL E DANIEL NA FESTA DA PADROEIRA DO MUNICIPIO NO DIA 25\/01<\/strong>"},{"titulo":"AUTORIZA\u00c7\u00c3O DE CONTRATA\u00c7\u00c3O POR INEXIGIBILIDADE DE LICITA\u00c7\u00c3O PARA APRESENTA\u00c7\u00c3O DA DUPLA TALIS E WELINTON NA FESTA DA PADROEIRA DO MUNICIPIO NO DIA 23\/01","dataAtualizacao":"2026-01-26 11:52:32","dataPostagem":"2026-01-26 00:00:00","dataRealizacao":"2026-01-26 10:00:00","numeroEdital":0,"numeroProcesso":163,"modalidade":"Inexigibilidade","situacao":"Ratificada","descricao":"<strong>AUTORIZA&Ccedil;&Atilde;O DE CONTRATA&Ccedil;&Atilde;O POR INEXIGIBILIDADE DE LICITA&Ccedil;&Atilde;O PARA APRESENTA&Ccedil;&Atilde;O DA DUPLA TALIS E WELINTON NA FESTA DA PADROEIRA DO MUNICIPIO NO DIA 23\/01<\/strong>"},{"titulo":"AUTORIZA\u00c7\u00c3O DE CONTRATA\u00c7\u00c3O DIRETA PARA AQUISI\u00c7\u00c3O DE CAMISETAS E BANDANAS PARA O PROJETO VER\u00c3O ILHABELA VIVA 2026","dataAtualizacao":"2026-01-22 16:26:13","dataPostagem":"2026-01-22 10:00:00","dataRealizacao":"2026-01-22 10:00:00","numeroEdital":0,"numeroProcesso":72,"modalidade":"Dispensa","situacao":"Ratificada","descricao":"<strong>AUTORIZA&Ccedil;&Atilde;O DE CONTRATA&Ccedil;&Atilde;O DIRETA PARA AQUISI&Ccedil;&Atilde;O DE CAMISETAS E BANDANAS PARA O PROJETO VER&Atilde;O ILHABELA VIVA 2026<\/strong>"},{"titulo":"AUTORIZA\u00c7\u00c3O DE CONTRATA\u00c7\u00c3O DIRETA PARA CONTRATA\u00c7\u00c3O DE SERVI\u00c7O ESPECIALIZADO EM RECREA\u00c7\u00c3O INFANTIL PARA ATENDIMENTO AO PROJETO VER\u00c3O ILHABELA VIVA 2026","dataAtualizacao":"2026-01-22 16:25:02","dataPostagem":"2026-01-22 10:00:00","dataRealizacao":"2026-01-22 10:00:00","numeroEdital":0,"numeroProcesso":147,"modalidade":"Dispensa","situacao":"Ratificada","descricao":"<strong>AUTORIZA&Ccedil;&Atilde;O DE CONTRATA&Ccedil;&Atilde;O DIRETA PARA CONTRATA&Ccedil;&Atilde;O DE SERVI&Ccedil;O ESPECIALIZADO EM RECREA&Ccedil;&Atilde;O INFANTIL PARA ATENDIMENTO AO PROJETO VER&Atilde;O ILHABELA VIVA 2026<\/strong>"},{"titulo":"AUTORIZA\u00c7\u00c3O DE CONTRATA\u00c7\u00c3O POR INEXIGIBILIDADE DE LICITA\u00c7\u00c3O PARA CONTRATA\u00c7\u00c3O DA EMPRESA JOCELI PEREIRA CUGIK-ME PARA PAGAMENTO DE FRANQUIA AUTOMOTIVA DA FROTA MUNICIPAL","dataAtualizacao":"2026-01-21 08:51:31","dataPostagem":"2026-01-21 10:00:00","dataRealizacao":"2026-01-21 10:00:00","numeroEdital":0,"numeroProcesso":6518,"modalidade":"Inexigibilidade","situacao":"Ratificada","descricao":"<table align=\"center\" border=\"0\" bordercolor=\"#E0DFE3\" cellpadding=\"0\" cellspacing=\"0\" width=\"100%\">\r\n\t<tbody>\r\n\t\t<tr bgcolor=\"#FFFFCC\"  >\r\n\t\t\t<td align=\"left\" height=\"50\"><strong>AUTORIZA&Ccedil;&Atilde;O DE CONTRATA&Ccedil;&Atilde;O POR INEXIGIBILIDADE DE LICITA&Ccedil;&Atilde;O PARA CONTRATA&Ccedil;&Atilde;O DA EMPRESA JOCELI PEREIRA CUGIK-ME PARA PAGAMENTO DE FRANQUIA AUTOMOTIVA DA FROTA MUNICIPAL<\/strong><\/td>\r\n\t\t<\/tr>\r\n\t<\/tbody>\r\n<\/table>\r\n"},{"titulo":"AUTORIZA\u00c7\u00c3O DE CONTRATA\u00c7\u00c3O DIRETA PARA CONTRATA\u00c7\u00c3O DE EMPRESA ESPECIALIZADA PARA SERVI\u00c7O DE LOCA\u00c7\u00c3O DE ARCO CIR\u00daRGICO","dataAtualizacao":"2026-02-20 09:22:27","dataPostagem":"2026-01-20 10:00:00","dataRealizacao":"2026-01-20 10:00:00","numeroEdital":0,"numeroProcesso":7176,"modalidade":"Dispensa","situacao":"Ratificada","descricao":"AUTORIZA&Ccedil;&Atilde;O DE CONTRATA&Ccedil;&Atilde;O DIRETA PARA CONTRATA&Ccedil;&Atilde;O DE EMPRESA ESPECIALIZADA PARA SERVI&Ccedil;O DE LOCA&Ccedil;&Atilde;O DE ARCO CIR&Uacute;RGICO"},{"titulo":"AUTORIZA\u00c7\u00c3O DE CONTRATA\u00c7\u00c3O POR INEXIGIBILIDADE POR CONTRATAR DE EMPRESA ESPECIALIZADA NO FORNECIMENTO DE ASSIANTURA DE FERRAMENTA DE PESQUISA E COMPARA\u00c7\u00c3O DE PRE\u00c7OS","dataAtualizacao":"2026-03-11 09:09:54","dataPostagem":"2026-01-20 10:00:00","dataRealizacao":"2026-01-20 10:00:00","numeroEdital":0,"numeroProcesso":4907,"modalidade":"Inexigibilidade","situacao":"Aberto","descricao":"AUTORIZA&Ccedil;&Atilde;O DE CONTRATA&Ccedil;&Atilde;O POR INEXIGIBILIDADE POR CONTRATAR DE EMPRESA ESPECIALIZADA NO FORNECIMENTO DE ASSIANTURA DE FERRAMENTA DE PESQUISA E COMPARA&Ccedil;&Atilde;O DE PRE&Ccedil;OS"},{"titulo":"AUTORIZA\u00c7\u00c3O DE CONTRATA\u00c7\u00c3O PARA DISPENSA DE LICITA\u00c7\u00c3O PARA AQUISI\u00c7\u00c3O DE MEDICAMENTO (DUPILUMABE) PARA ATENDIMENTO \u00c0 ORDEM JUDICIAL","dataAtualizacao":"2026-01-14 12:08:18","dataPostagem":"2026-01-13 10:00:00","dataRealizacao":"2026-01-13 10:00:00","numeroEdital":0,"numeroProcesso":7447,"modalidade":"Dispensa","situacao":"Ratificada","descricao":"<strong>AUTORIZA&Ccedil;&Atilde;O DE CONTRATA&Ccedil;&Atilde;O PARA DISPENSA DE LICITA&Ccedil;&Atilde;O PARA AQUISI&Ccedil;&Atilde;O DE MEDICAMENTO (DUPILUMABE) PARA ATENDIMENTO &Agrave; ORDEM JUDICIAL<\/strong>"},{"titulo":"AUTORIZA\u00c7\u00c3O DE CONTRATA\u00c7\u00c3O DIRETA PARA CONTRATAR SEM CUSTOS SALT TECNOLOGIA LTDA SEM CUSTOS FINANCEIROS PARA PRESTA\u00c7\u00c3O DE SERVI\u00c7OS DE ADMINISTRA\u00c7\u00c3O, GERENCIAMENTO E CONTROLE DE MARGEM CONSIGN\u00c1VEL EM FOLHA DE PAGAMENTO CESS\u00c3O DE USO DE SISTEMA DE GEST\u00c3O E OPERACIONALIZA\u00c7\u00c3O DE CONSIGNADOS COMPREENDENDO A DISPONIBILIZA\u00c7\u00c3O DE SISTEMA INFORMATIZADO, CAPACITA\u00c7\u00c3O, ASSESSORAMENTO E SUP","dataAtualizacao":"2026-02-09 10:19:09","dataPostagem":"2026-01-09 10:00:00","dataRealizacao":"2026-01-09 10:00:00","numeroEdital":0,"numeroProcesso":6353,"modalidade":"Dispensa","situacao":"Ratificada","descricao":"AUTORIZA&Ccedil;&Atilde;O DE CONTRATA&Ccedil;&Atilde;O DIRETA PARA CONTRATAR SEM CUSTOS SALT TECNOLOGIA LTDA SEM CUSTOS FINANCEIROS PARA PRESTA&Ccedil;&Atilde;O DE SERVI&Ccedil;OS DE ADMINISTRA&Ccedil;&Atilde;O, GERENCIAMENTO E CONTROLE DE MARGEM CONSIGN&Aacute;VEL EM FOLHA DE PAGAMENTO CESS&Atilde;O DE USO DE SISTEMA DE GEST&Atilde;O E OPERACIONALIZA&Ccedil;&Atilde;O DE CONSIGNADOS COMPREENDENDO A DISPONIBILIZA&Ccedil;&Atilde;O DE SISTEMA INFORMATIZADO, CAPACITA&Ccedil;&Atilde;O, ASSESSORAMENTO E SUPORTE PARA A GEST&Atilde;O DE CONSINA&Ccedil;&Otilde;ES EM FOLHA DE PAGAMENTO DOS SERVIDORES P&Uacute;BLICOS MUNICIPAIS"},{"titulo":"AUTORIZA\u00c7\u00c3O DE CONTRATA\u00c7\u00c3O PARA DISPENSA DE LICITA\u00c7\u00c3O PARA CONFEC\u00c7\u00c3O E INSTALA\u00c7\u00c3O E MANUTEN\u00c7\u00c3O DE BALIZAMENTO N\u00c1UTICO DE SEGURAN\u00c7A PARA BANHISTAS E EMBARCA\u00c7\u00d5ES NA PRAIA DO VELOSO","dataAtualizacao":"2026-02-20 10:40:28","dataPostagem":"2026-01-08 10:00:00","dataRealizacao":"2026-01-08 10:00:00","numeroEdital":0,"numeroProcesso":7064,"modalidade":"Dispensa","situacao":"Ratificada","descricao":"<strong>AUTORIZA&Ccedil;&Atilde;O DE CONTRATA&Ccedil;&Atilde;O PARA DISPENSA DE LICITA&Ccedil;&Atilde;O PARA CONFEC&Ccedil;&Atilde;O E INSTALA&Ccedil;&Atilde;O E MANUTEN&Ccedil;&Atilde;O DE BALIZAMENTO N&Aacute;UTICO DE SEGURAN&Ccedil;A PARA BANHISTAS E EMBARCA&Ccedil;&Otilde;ES NA PRAIA DO VELOSO<\/strong>"},{"titulo":"AUTORIZA\u00c7\u00c3O DE CONTRATA\u00c7\u00c3O PARA DISPENSA DE LICITA\u00c7\u00c3O PARA A\u00a0AQUISI\u00c7\u00c3O DE DATALOGGER DE TEMPERATURA","dataAtualizacao":"2026-01-05 11:04:14","dataPostagem":"2026-01-05 10:00:00","dataRealizacao":"2026-01-05 10:00:00","numeroEdital":0,"numeroProcesso":6912,"modalidade":"Dispensa","situacao":"Ratificada","descricao":"<strong>AUTORIZA&Ccedil;&Atilde;O DE CONTRATA&Ccedil;&Atilde;O PARA DISPENSA DE LICITA&Ccedil;&Atilde;O PARA A&nbsp;AQUISI&Ccedil;&Atilde;O DE DATALOGGER DE TEMPERATURA<\/strong>"},{"titulo":"AUTORIZA\u00c7\u00c3O PARA CONTRATA\u00c7\u00c3O POR DISPENSA DE LICITA\u00c7\u00c3O PARA CONTRATA\u00c7\u00c3O DE EMPRESA ESPECIALIZADA EM CONSULTORIA T\u00c9CNICA PARA AN\u00c1LISE, CONFER\u00caNCIA E CERTIFICA\u00c7\u00c3O DAS INCID\u00caNCIAS DAS RUBRICAS DA FOLHA DE PAGAMENTO, ADEQUA\u00c7\u00c3O AO E-SOCIAL, DCTF-W E SUBSTITUI\u00c7\u00c3O DA DIRF","dataAtualizacao":"2026-01-09 13:24:03","dataPostagem":"2025-12-08 10:00:00","dataRealizacao":"2025-12-08 10:00:00","numeroEdital":0,"numeroProcesso":6181,"modalidade":"Dispensa","situacao":"Ratificada","descricao":"<strong>AUTORIZA&Ccedil;&Atilde;O PARA CONTRATA&Ccedil;&Atilde;O POR DISPENSA DE LICITA&Ccedil;&Atilde;O PARA CONTRATA&Ccedil;&Atilde;O DE EMPRESA ESPECIALIZADA EM CONSULTORIA T&Eacute;CNICA PARA AN&Aacute;LISE, CONFER&Ecirc;NCIA E CERTIFICA&Ccedil;&Atilde;O DAS INCID&Ecirc;NCIAS DAS RUBRICAS DA FOLHA DE PAGAMENTO, ADEQUA&Ccedil;&Atilde;O AO E-SOCIAL, DCTF-W E SUBSTITUI&Ccedil;&Atilde;O DA DIRF<\/strong>"},{"titulo":"RATIFICO DISPENSA DE LICITA\u00c7\u00c3O PROCESSO 3891-2023 CONTRATA\u00c7\u00c3P EMERGENCIALCOM FORNECIMENTO DE MATERIAL E M\u00c3O DE OBRA PARA DESASSOREAMENTO DO C\u00d3RREGO DA AGUA BRANCA \u2013 SECRETARIA DE OBRAS","dataAtualizacao":"2026-01-05 10:04:32","dataPostagem":"","dataRealizacao":"2023-09-08 00:00:00","numeroEdital":0,"numeroProcesso":3891,"modalidade":"Dispensa","situacao":null,"descricao":"Objetiva este a contrata&ccedil;&atilde;o emergencial de empresa com fornecimento de material e&nbsp;m&atilde;o de obra para Desassoreamento do C&oacute;rrego da &Aacute;gua Branca."},{"titulo":"AUTORIZA\u00c7\u00c3O DA CONTRATA\u00c7\u00c3O PARA CONTRATAR A EMPRESA CENTRO EDUCACIONAL BDN BRASIL - LTDA. PARA MINISTRAR CURSO DE CUIDADOR DE IDOSOS PARA OS SERVIDORES EFETIVOS.","dataAtualizacao":"2026-03-31 15:51:11","dataPostagem":"","dataRealizacao":"2026-03-31 10:00:00","numeroEdital":0,"numeroProcesso":1012,"modalidade":"Dispensa","situacao":"Aberto","descricao":"Curso de capacita&ccedil;&atilde;o de cuidador de idosos"},{"titulo":"AUTORIZA\u00c7\u00c3O DA CONTRATA\u00c7\u00c3O PARA CONTRATAR JTS COMERCIAL E DISTRIBUIDORA PARA AQUISI\u00c7\u00c3O DE TINTA AUTOMOTIVA VERDE","dataAtualizacao":"2026-03-25 16:03:33","dataPostagem":"","dataRealizacao":"2026-03-25 16:00:00","numeroEdital":0,"numeroProcesso":886,"modalidade":"Dispensa","situacao":"Ratificada","descricao":"Aquisi&ccedil;&atilde;o de tinta automotiva verde"},{"titulo":"AUTORIZA\u00c7\u00c3O DA CONTRATA\u00c7\u00c3O PARA CONTRATAR Q3 TELECOMUNICA\u00c7\u00d5ES E INFORM\u00c1TICA LTDA PARA LICEN\u00c7A DE SOLU\u00c7\u00c3O PARA REUNI\u00d5ES ONLINE (ZOOM)","dataAtualizacao":"2026-04-13 11:24:00","dataPostagem":"","dataRealizacao":"2026-03-19 11:45:00","numeroEdital":0,"numeroProcesso":123,"modalidade":"Dispensa","situacao":"Aberto","descricao":"Contrata&ccedil;&atilde;o de licen&ccedil;a de solu&ccedil;&atilde;o para reuni&otilde;es online. (ZOOM)"},{"titulo":"AUTORIZA\u00c7\u00c3O DA CONTRATA\u00c7\u00c3O PARA CONTRATAR EMPRESA ESPECIALIZADA EM SERVI\u00c7O DE ESTRUTURA E BUFFET PARA EVENTOS","dataAtualizacao":"2026-03-19 10:16:58","dataPostagem":"","dataRealizacao":"2026-03-18 18:00:00","numeroEdital":0,"numeroProcesso":1098,"modalidade":"Dispensa","situacao":"Ratificada","descricao":"Servi&ccedil;o de estrutura e buffet"},{"titulo":"AUTORIZA\u00c7\u00c3O DA CONTRATA\u00c7\u00c3O POR INEGIXIBILIDADE PARA CONTRATA\u00c7\u00c3O DE ENOK VIRGULINO DANTAS 15083519372 PARA APRESENTA\u00c7\u00c3O MUSICAL NO FESTIVAL DA LULA 2026","dataAtualizacao":"2026-04-13 11:13:54","dataPostagem":"","dataRealizacao":"2026-03-19 10:20:00","numeroEdital":0,"numeroProcesso":1086,"modalidade":"Inexigibilidade","situacao":"Ratificada","descricao":"Show musical&nbsp;"},{"titulo":"AUTORIZA\u00c7\u00c3O DA CONTRATA\u00c7\u00c3O PARA CONTRATAR DEL PRODU\u00c7\u00d5ES ART\u00cdSTICAS LTDA PARA APRESENTA\u00c7\u00c3O MUSICAL DA DUPLA DAY &amp; LARA NO EVENTO FESTIVAL DA LULA EM 21\/03\/2026","dataAtualizacao":"2026-04-13 11:20:42","dataPostagem":"","dataRealizacao":"2026-03-20 15:00:00","numeroEdital":0,"numeroProcesso":1101,"modalidade":"Inexigibilidade","situacao":"Ratificada","descricao":"SHOW MUSICAL DAY &amp; LARA"},{"titulo":"AUTORIZA\u00c7\u00c3O DA CONTRATA\u00c7\u00c3O PARA CONTRATAR ASSOCIA\u00c7\u00c3O BRASILEIRA DE CRUZEIROS MAR\u00cdTIMOS PARA LOCA\u00c7\u00c3O DE ESPA\u00c7O PARA PARTICIPA\u00c7\u00c3O DO EVENTO CRUISE 360 BRASIL 2026","dataAtualizacao":"2026-03-25 14:15:27","dataPostagem":"","dataRealizacao":"2026-03-03 16:00:00","numeroEdital":0,"numeroProcesso":647,"modalidade":"Inexigibilidade","situacao":"Ratificada","descricao":"Loca&ccedil;&atilde;o de Espa&ccedil;o para participa&ccedil;&atilde;o do Evento Cruise 360 Brasil 2026"},{"titulo":"AUTORIZA\u00c7\u00c3O DA CONTRATA\u00c7\u00c3O PARA CONTRATAR JUNGLE CONSULTORIA E SOLU\u00c7\u00d5ES SOCIAIS LTDA - ME PARA MINISTAR CURSO DE CAPACITA\u00c7\u00c3O PROFISSIONAL PARA OS SERVIDORES EFETIVOS (SUAS 360 GEST\u00c3O, IMP\u00c1CTO E CIDADANIA VINCULOS E CONEX\u00d5ES QUE PROTEGEM).","dataAtualizacao":"2026-03-26 12:18:08","dataPostagem":"","dataRealizacao":"2026-03-26 09:35:00","numeroEdital":0,"numeroProcesso":6816,"modalidade":"Inexigibilidade","situacao":"Ratificada","descricao":"Curso de capacita&ccedil;&atilde;o profissional para os servidores efetivos da Secretaria de Desenvolvimento e Inclus&atilde;o Social"},{"titulo":"AUTORIZA\u00c7\u00c3O DA CONTRATA\u00c7\u00c3O DE EMPRESA ESPECILIZADA NO FORNECIMENTO DE ASSINATURA DE FERRAMENTA DE PESQUISA DE PRE\u00c7OS","dataAtualizacao":"2026-03-11 09:01:30","dataPostagem":"","dataRealizacao":"2024-06-05 12:00:00","numeroEdital":5667,"numeroProcesso":5667,"modalidade":"Dispensa","situacao":"Ratificada","descricao":"AUTORIZA&Ccedil;&Atilde;O DA CONTRATA&Ccedil;&Atilde;O DE EMPRESA ESPECILIZADA NO FORNECIMENTO DE ASSINATURA DE FERRAMENTA DE PESQUISA DE PRE&Ccedil;OS"}]}